{"id":2113,"date":"2021-04-09T13:50:04","date_gmt":"2021-04-09T11:50:04","guid":{"rendered":"https:\/\/www.theatrecharbon.fr\/sandbox\/?p=2113"},"modified":"2022-10-26T13:19:55","modified_gmt":"2022-10-26T11:19:55","slug":"lancement-des-repetitions-davril-pour-vaincre-a-rome","status":"publish","type":"post","link":"https:\/\/www.theatrecharbon.fr\/sandbox\/lancement-des-repetitions-davril-pour-vaincre-a-rome\/","title":{"rendered":"Lancement des r\u00e9p\u00e9titions d&rsquo;Avril pour Vaincre \u00e0 Rome"},"content":{"rendered":"\t\t<div data-elementor-type=\"wp-post\" data-elementor-id=\"2113\" class=\"elementor elementor-2113\">\n\t\t\t\t\t\t<section class=\"elementor-section elementor-top-section elementor-element elementor-element-3e7e512 elementor-section-content-middle elementor-section-height-min-height elementor-section-boxed elementor-section-height-default elementor-section-items-middle\" data-id=\"3e7e512\" data-element_type=\"section\" data-e-type=\"section\" data-settings=\"{&quot;background_background&quot;:&quot;classic&quot;}\">\n\t\t\t\t\t\t<div class=\"elementor-container elementor-column-gap-default\">\n\t\t\t\t\t<div class=\"elementor-column elementor-col-100 elementor-top-column elementor-element elementor-element-187d7dac\" data-id=\"187d7dac\" data-element_type=\"column\" data-e-type=\"column\">\n\t\t\t<div class=\"elementor-widget-wrap elementor-element-populated\">\n\t\t\t\t\t\t<section class=\"elementor-section elementor-inner-section elementor-element elementor-element-4d5be21c elementor-section-boxed elementor-section-height-default elementor-section-height-default\" data-id=\"4d5be21c\" data-element_type=\"section\" data-e-type=\"section\">\n\t\t\t\t\t\t<div class=\"elementor-container elementor-column-gap-default\">\n\t\t\t\t\t<div class=\"elementor-column elementor-col-100 elementor-inner-column elementor-element elementor-element-43a57bf7\" data-id=\"43a57bf7\" data-element_type=\"column\" data-e-type=\"column\">\n\t\t\t<div class=\"elementor-widget-wrap elementor-element-populated\">\n\t\t\t\t\t\t<div class=\"elementor-element elementor-element-21ba742f elementor-widget elementor-widget-heading\" data-id=\"21ba742f\" data-element_type=\"widget\" data-e-type=\"widget\" data-widget_type=\"heading.default\">\n\t\t\t\t<div class=\"elementor-widget-container\">\n\t\t\t\t\t<h5 class=\"elementor-heading-title elementor-size-default\">08\/04\/2021<\/h5>\t\t\t\t<\/div>\n\t\t\t\t<\/div>\n\t\t\t\t<div class=\"elementor-element elementor-element-10b7e05a elementor-widget elementor-widget-heading\" data-id=\"10b7e05a\" data-element_type=\"widget\" data-e-type=\"widget\" data-widget_type=\"heading.default\">\n\t\t\t\t<div class=\"elementor-widget-container\">\n\t\t\t\t\t<h2 class=\"elementor-heading-title elementor-size-default\">R\u00e9sidence - Avril<\/h2>\t\t\t\t<\/div>\n\t\t\t\t<\/div>\n\t\t\t\t<div class=\"elementor-element elementor-element-5e7a5334 elementor-widget-divider--view-line elementor-widget elementor-widget-divider\" data-id=\"5e7a5334\" data-element_type=\"widget\" data-e-type=\"widget\" data-widget_type=\"divider.default\">\n\t\t\t\t<div class=\"elementor-widget-container\">\n\t\t\t\t\t\t\t<div class=\"elementor-divider\">\n\t\t\t<span class=\"elementor-divider-separator\">\n\t\t\t\t\t\t<\/span>\n\t\t<\/div>\n\t\t\t\t\t\t<\/div>\n\t\t\t\t<\/div>\n\t\t\t\t\t<\/div>\n\t\t<\/div>\n\t\t\t\t\t<\/div>\n\t\t<\/section>\n\t\t\t\t<section class=\"elementor-section elementor-inner-section elementor-element elementor-element-8fde10f elementor-section-content-middle elementor-section-boxed elementor-section-height-default elementor-section-height-default\" data-id=\"8fde10f\" data-element_type=\"section\" data-e-type=\"section\">\n\t\t\t\t\t\t<div class=\"elementor-container elementor-column-gap-no\">\n\t\t\t\t\t<div class=\"elementor-column elementor-col-100 elementor-inner-column elementor-element elementor-element-7ef4c4a7\" data-id=\"7ef4c4a7\" data-element_type=\"column\" data-e-type=\"column\">\n\t\t\t<div class=\"elementor-widget-wrap elementor-element-populated\">\n\t\t\t\t\t\t<div class=\"elementor-element elementor-element-31c5f3a3 elementor-widget elementor-widget-image\" data-id=\"31c5f3a3\" data-element_type=\"widget\" data-e-type=\"widget\" data-widget_type=\"image.default\">\n\t\t\t\t<div class=\"elementor-widget-container\">\n\t\t\t\t\t\t\t\t\t\t\t\t\t\t\t<img fetchpriority=\"high\" decoding=\"async\" width=\"1003\" height=\"563\" src=\"https:\/\/www.theatrecharbon.fr\/sandbox\/wp-content\/uploads\/2021\/04\/scene.jpg\" class=\"attachment-large size-large wp-image-2115\" alt=\"\" srcset=\"https:\/\/www.theatrecharbon.fr\/sandbox\/wp-content\/uploads\/2021\/04\/scene.jpg 1003w, https:\/\/www.theatrecharbon.fr\/sandbox\/wp-content\/uploads\/2021\/04\/scene-300x168.jpg 300w, https:\/\/www.theatrecharbon.fr\/sandbox\/wp-content\/uploads\/2021\/04\/scene-768x431.jpg 768w\" sizes=\"(max-width: 1003px) 100vw, 1003px\" \/>\t\t\t\t\t\t\t\t\t\t\t\t\t\t\t<\/div>\n\t\t\t\t<\/div>\n\t\t\t\t\t<\/div>\n\t\t<\/div>\n\t\t\t\t<div class=\"elementor-column elementor-col-100 elementor-inner-column elementor-element elementor-element-3bed9b8e\" data-id=\"3bed9b8e\" data-element_type=\"column\" data-e-type=\"column\">\n\t\t\t<div class=\"elementor-widget-wrap elementor-element-populated\">\n\t\t\t\t\t\t<div class=\"elementor-element elementor-element-161d3ac6 elementor-widget elementor-widget-text-editor\" data-id=\"161d3ac6\" data-element_type=\"widget\" data-e-type=\"widget\" data-widget_type=\"text-editor.default\">\n\t\t\t\t<div class=\"elementor-widget-container\">\n\t\t\t\t\t\t\t\t\t<p>La r\u00e9sidence a d\u00e9but\u00e9 cette semaine au TGP et se poursuivra la semaine prochaine pour peaufiner les derniers \u00e9l\u00e9ments du spectacle avant sa premi\u00e8re diffusion en juillet \u00e0 la Sc\u00e8ne Nationale d&rsquo;Orl\u00e9ans. Le spectacle aurait d\u00fb \u00eatre jou\u00e9 les 12 et 13 avril au Bouillon \u00e0 l&rsquo;Universit\u00e9 d&rsquo;Orl\u00e9ans mais ces dates n&rsquo;ont pas pu \u00eatre maintenues. Un grand merci au TGP de nous avoir accueillis quand nous avons appris tr\u00e8s tardivement que nous ne pourrions pas effectuer notre r\u00e9sidence au Bouillon.<\/p>\t\t\t\t\t\t\t\t<\/div>\n\t\t\t\t<\/div>\n\t\t\t\t\t<\/div>\n\t\t<\/div>\n\t\t\t\t\t<\/div>\n\t\t<\/section>\n\t\t\t\t<section class=\"elementor-section elementor-inner-section elementor-element elementor-element-6199bccd elementor-section-content-middle elementor-section-boxed elementor-section-height-default elementor-section-height-default\" data-id=\"6199bccd\" data-element_type=\"section\" data-e-type=\"section\">\n\t\t\t\t\t\t<div class=\"elementor-container elementor-column-gap-default\">\n\t\t\t\t\t<div class=\"elementor-column elementor-col-100 elementor-inner-column elementor-element elementor-element-40771aee\" data-id=\"40771aee\" data-element_type=\"column\" data-e-type=\"column\">\n\t\t\t<div class=\"elementor-widget-wrap\">\n\t\t\t\t\t\t\t<\/div>\n\t\t<\/div>\n\t\t\t\t\t<\/div>\n\t\t<\/section>\n\t\t\t\t\t<\/div>\n\t\t<\/div>\n\t\t\t\t\t<\/div>\n\t\t<\/section>\n\t\t\t\t<\/div>\n\t\t","protected":false},"excerpt":{"rendered":"<p>08\/04\/2021 R\u00e9sidence &#8211; Avril La r\u00e9sidence a d\u00e9but\u00e9 cette semaine au TGP et se poursuivra la semaine prochaine pour peaufiner les derniers \u00e9l\u00e9ments du spectacle avant sa premi\u00e8re diffusion en juillet \u00e0 la Sc\u00e8ne Nationale d&rsquo;Orl\u00e9ans. Le spectacle aurait d\u00fb \u00eatre jou\u00e9 les 12 et 13 avril au Bouillon \u00e0 l&rsquo;Universit\u00e9 d&rsquo;Orl\u00e9ans mais ces dates&#8230;<\/p>\n","protected":false},"author":1,"featured_media":2115,"comment_status":"closed","ping_status":"open","sticky":false,"template":"","format":"standard","meta":{"_kad_post_transparent":"","_kad_post_title":"hide","_kad_post_layout":"","_kad_post_sidebar_id":"","_kad_post_content_style":"","_kad_post_vertical_padding":"","_kad_post_feature":"","_kad_post_feature_position":"","_kad_post_header":true,"_kad_post_footer":false,"cybocfi_hide_featured_image":"yes","footnotes":""},"categories":[1],"tags":[],"class_list":["post-2113","post","type-post","status-publish","format-standard","has-post-thumbnail","hentry","category-non-classe"],"yoast_head":"<!-- This site is optimized with the Yoast SEO plugin v22.4 - https:\/\/yoast.com\/wordpress\/plugins\/seo\/ -->\n<title>Lancement des r\u00e9p\u00e9titions d&#039;Avril pour Vaincre \u00e0 Rome - Th\u00e9\u00e2tre Charbon<\/title>\n<meta name=\"robots\" content=\"index, follow, max-snippet:-1, max-image-preview:large, max-video-preview:-1\" \/>\n<link rel=\"canonical\" href=\"https:\/\/www.theatrecharbon.fr\/sandbox\/lancement-des-repetitions-davril-pour-vaincre-a-rome\/\" \/>\n<meta property=\"og:locale\" content=\"fr_FR\" \/>\n<meta property=\"og:type\" content=\"article\" \/>\n<meta property=\"og:title\" content=\"Lancement des r\u00e9p\u00e9titions d&#039;Avril pour Vaincre \u00e0 Rome - Th\u00e9\u00e2tre Charbon\" \/>\n<meta property=\"og:description\" content=\"08\/04\/2021 R\u00e9sidence &#8211; Avril La r\u00e9sidence a d\u00e9but\u00e9 cette semaine au TGP et se poursuivra la semaine prochaine pour peaufiner les derniers \u00e9l\u00e9ments du spectacle avant sa premi\u00e8re diffusion en juillet \u00e0 la Sc\u00e8ne Nationale d&rsquo;Orl\u00e9ans. Le spectacle aurait d\u00fb \u00eatre jou\u00e9 les 12 et 13 avril au Bouillon \u00e0 l&rsquo;Universit\u00e9 d&rsquo;Orl\u00e9ans mais ces dates...\" \/>\n<meta property=\"og:url\" content=\"https:\/\/www.theatrecharbon.fr\/sandbox\/lancement-des-repetitions-davril-pour-vaincre-a-rome\/\" \/>\n<meta property=\"og:site_name\" content=\"Th\u00e9\u00e2tre Charbon\" \/>\n<meta property=\"article:publisher\" content=\"https:\/\/www.facebook.com\/theatrecharbon45\" \/>\n<meta property=\"article:published_time\" content=\"2021-04-09T11:50:04+00:00\" \/>\n<meta property=\"article:modified_time\" content=\"2022-10-26T11:19:55+00:00\" \/>\n<meta property=\"og:image\" content=\"https:\/\/www.theatrecharbon.fr\/sandbox\/wp-content\/uploads\/2021\/04\/scene.jpg\" \/>\n\t<meta property=\"og:image:width\" content=\"1003\" \/>\n\t<meta property=\"og:image:height\" content=\"563\" \/>\n\t<meta property=\"og:image:type\" content=\"image\/jpeg\" \/>\n<meta name=\"author\" content=\"pjemba\" \/>\n<meta name=\"twitter:card\" content=\"summary_large_image\" \/>\n<meta name=\"twitter:label1\" content=\"\u00c9crit par\" \/>\n\t<meta name=\"twitter:data1\" content=\"pjemba\" \/>\n<script type=\"application\/ld+json\" class=\"yoast-schema-graph\">{\"@context\":\"https:\/\/schema.org\",\"@graph\":[{\"@type\":\"Article\",\"@id\":\"https:\/\/www.theatrecharbon.fr\/sandbox\/lancement-des-repetitions-davril-pour-vaincre-a-rome\/#article\",\"isPartOf\":{\"@id\":\"https:\/\/www.theatrecharbon.fr\/sandbox\/lancement-des-repetitions-davril-pour-vaincre-a-rome\/\"},\"author\":{\"name\":\"pjemba\",\"@id\":\"https:\/\/www.theatrecharbon.fr\/sandbox\/#\/schema\/person\/05d01ac0c5bc298d9abcc34b0956685c\"},\"headline\":\"Lancement des r\u00e9p\u00e9titions d&rsquo;Avril pour Vaincre \u00e0 Rome\",\"datePublished\":\"2021-04-09T11:50:04+00:00\",\"dateModified\":\"2022-10-26T11:19:55+00:00\",\"mainEntityOfPage\":{\"@id\":\"https:\/\/www.theatrecharbon.fr\/sandbox\/lancement-des-repetitions-davril-pour-vaincre-a-rome\/\"},\"wordCount\":104,\"publisher\":{\"@id\":\"https:\/\/www.theatrecharbon.fr\/sandbox\/#organization\"},\"image\":{\"@id\":\"https:\/\/www.theatrecharbon.fr\/sandbox\/lancement-des-repetitions-davril-pour-vaincre-a-rome\/#primaryimage\"},\"thumbnailUrl\":\"https:\/\/www.theatrecharbon.fr\/sandbox\/wp-content\/uploads\/2021\/04\/scene.jpg\",\"inLanguage\":\"fr-FR\"},{\"@type\":\"WebPage\",\"@id\":\"https:\/\/www.theatrecharbon.fr\/sandbox\/lancement-des-repetitions-davril-pour-vaincre-a-rome\/\",\"url\":\"https:\/\/www.theatrecharbon.fr\/sandbox\/lancement-des-repetitions-davril-pour-vaincre-a-rome\/\",\"name\":\"Lancement des r\u00e9p\u00e9titions d'Avril pour Vaincre \u00e0 Rome - Th\u00e9\u00e2tre Charbon\",\"isPartOf\":{\"@id\":\"https:\/\/www.theatrecharbon.fr\/sandbox\/#website\"},\"primaryImageOfPage\":{\"@id\":\"https:\/\/www.theatrecharbon.fr\/sandbox\/lancement-des-repetitions-davril-pour-vaincre-a-rome\/#primaryimage\"},\"image\":{\"@id\":\"https:\/\/www.theatrecharbon.fr\/sandbox\/lancement-des-repetitions-davril-pour-vaincre-a-rome\/#primaryimage\"},\"thumbnailUrl\":\"https:\/\/www.theatrecharbon.fr\/sandbox\/wp-content\/uploads\/2021\/04\/scene.jpg\",\"datePublished\":\"2021-04-09T11:50:04+00:00\",\"dateModified\":\"2022-10-26T11:19:55+00:00\",\"breadcrumb\":{\"@id\":\"https:\/\/www.theatrecharbon.fr\/sandbox\/lancement-des-repetitions-davril-pour-vaincre-a-rome\/#breadcrumb\"},\"inLanguage\":\"fr-FR\",\"potentialAction\":[{\"@type\":\"ReadAction\",\"target\":[\"https:\/\/www.theatrecharbon.fr\/sandbox\/lancement-des-repetitions-davril-pour-vaincre-a-rome\/\"]}]},{\"@type\":\"BreadcrumbList\",\"@id\":\"https:\/\/www.theatrecharbon.fr\/sandbox\/lancement-des-repetitions-davril-pour-vaincre-a-rome\/#breadcrumb\",\"itemListElement\":[{\"@type\":\"ListItem\",\"position\":1,\"name\":\"Accueil\",\"item\":\"https:\/\/www.theatrecharbon.fr\/sandbox\/\"},{\"@type\":\"ListItem\",\"position\":2,\"name\":\"Lancement des r\u00e9p\u00e9titions d&rsquo;Avril pour Vaincre \u00e0 Rome\"}]},{\"@type\":\"WebSite\",\"@id\":\"https:\/\/www.theatrecharbon.fr\/sandbox\/#website\",\"url\":\"https:\/\/www.theatrecharbon.fr\/sandbox\/\",\"name\":\"Th\u00e9\u00e2tre Charbon\",\"description\":\"Une compagnie engag\u00e9e pour son territoire\",\"publisher\":{\"@id\":\"https:\/\/www.theatrecharbon.fr\/sandbox\/#organization\"},\"potentialAction\":[{\"@type\":\"SearchAction\",\"target\":{\"@type\":\"EntryPoint\",\"urlTemplate\":\"https:\/\/www.theatrecharbon.fr\/sandbox\/?s={search_term_string}\"},\"query-input\":\"required name=search_term_string\"}],\"inLanguage\":\"fr-FR\"},{\"@type\":\"Organization\",\"@id\":\"https:\/\/www.theatrecharbon.fr\/sandbox\/#organization\",\"name\":\"Th\u00e9\u00e2tre Charbon\",\"url\":\"https:\/\/www.theatrecharbon.fr\/sandbox\/\",\"logo\":{\"@type\":\"ImageObject\",\"inLanguage\":\"fr-FR\",\"@id\":\"https:\/\/www.theatrecharbon.fr\/sandbox\/#\/schema\/logo\/image\/\",\"url\":\"https:\/\/www.theatrecharbon.fr\/sandbox\/wp-content\/uploads\/2021\/03\/cropped-LOGOTYPE_THEATRE_CHARBON-e1620048345361.png\",\"contentUrl\":\"https:\/\/www.theatrecharbon.fr\/sandbox\/wp-content\/uploads\/2021\/03\/cropped-LOGOTYPE_THEATRE_CHARBON-e1620048345361.png\",\"width\":150,\"height\":104,\"caption\":\"Th\u00e9\u00e2tre Charbon\"},\"image\":{\"@id\":\"https:\/\/www.theatrecharbon.fr\/sandbox\/#\/schema\/logo\/image\/\"},\"sameAs\":[\"https:\/\/www.facebook.com\/theatrecharbon45\",\"https:\/\/www.youtube.com\/channel\/UCUYPyyMIHpxmMW8g_322pEg\"]},{\"@type\":\"Person\",\"@id\":\"https:\/\/www.theatrecharbon.fr\/sandbox\/#\/schema\/person\/05d01ac0c5bc298d9abcc34b0956685c\",\"name\":\"pjemba\",\"image\":{\"@type\":\"ImageObject\",\"inLanguage\":\"fr-FR\",\"@id\":\"https:\/\/www.theatrecharbon.fr\/sandbox\/#\/schema\/person\/image\/\",\"url\":\"https:\/\/secure.gravatar.com\/avatar\/f94e2d3d6c269754d27807e23c1478deb3dbb64ea6a2eb69baa959a8af2c9b8a?s=96&d=mm&r=g\",\"contentUrl\":\"https:\/\/secure.gravatar.com\/avatar\/f94e2d3d6c269754d27807e23c1478deb3dbb64ea6a2eb69baa959a8af2c9b8a?s=96&d=mm&r=g\",\"caption\":\"pjemba\"},\"sameAs\":[\"https:\/\/www.theatrecharbon.fr\/sandbox\"]}]}<\/script>\n<!-- \/ Yoast SEO plugin. -->","yoast_head_json":{"title":"Lancement des r\u00e9p\u00e9titions d'Avril pour Vaincre \u00e0 Rome - Th\u00e9\u00e2tre Charbon","robots":{"index":"index","follow":"follow","max-snippet":"max-snippet:-1","max-image-preview":"max-image-preview:large","max-video-preview":"max-video-preview:-1"},"canonical":"https:\/\/www.theatrecharbon.fr\/sandbox\/lancement-des-repetitions-davril-pour-vaincre-a-rome\/","og_locale":"fr_FR","og_type":"article","og_title":"Lancement des r\u00e9p\u00e9titions d'Avril pour Vaincre \u00e0 Rome - Th\u00e9\u00e2tre Charbon","og_description":"08\/04\/2021 R\u00e9sidence &#8211; Avril La r\u00e9sidence a d\u00e9but\u00e9 cette semaine au TGP et se poursuivra la semaine prochaine pour peaufiner les derniers \u00e9l\u00e9ments du spectacle avant sa premi\u00e8re diffusion en juillet \u00e0 la Sc\u00e8ne Nationale d&rsquo;Orl\u00e9ans. Le spectacle aurait d\u00fb \u00eatre jou\u00e9 les 12 et 13 avril au Bouillon \u00e0 l&rsquo;Universit\u00e9 d&rsquo;Orl\u00e9ans mais ces dates...","og_url":"https:\/\/www.theatrecharbon.fr\/sandbox\/lancement-des-repetitions-davril-pour-vaincre-a-rome\/","og_site_name":"Th\u00e9\u00e2tre Charbon","article_publisher":"https:\/\/www.facebook.com\/theatrecharbon45","article_published_time":"2021-04-09T11:50:04+00:00","article_modified_time":"2022-10-26T11:19:55+00:00","og_image":[{"url":"https:\/\/www.theatrecharbon.fr\/sandbox\/wp-content\/uploads\/2021\/04\/scene.jpg","width":1003,"height":563,"type":"image\/jpeg"}],"author":"pjemba","twitter_card":"summary_large_image","twitter_misc":{"\u00c9crit par":"pjemba"},"schema":{"@context":"https:\/\/schema.org","@graph":[{"@type":"Article","@id":"https:\/\/www.theatrecharbon.fr\/sandbox\/lancement-des-repetitions-davril-pour-vaincre-a-rome\/#article","isPartOf":{"@id":"https:\/\/www.theatrecharbon.fr\/sandbox\/lancement-des-repetitions-davril-pour-vaincre-a-rome\/"},"author":{"name":"pjemba","@id":"https:\/\/www.theatrecharbon.fr\/sandbox\/#\/schema\/person\/05d01ac0c5bc298d9abcc34b0956685c"},"headline":"Lancement des r\u00e9p\u00e9titions d&rsquo;Avril pour Vaincre \u00e0 Rome","datePublished":"2021-04-09T11:50:04+00:00","dateModified":"2022-10-26T11:19:55+00:00","mainEntityOfPage":{"@id":"https:\/\/www.theatrecharbon.fr\/sandbox\/lancement-des-repetitions-davril-pour-vaincre-a-rome\/"},"wordCount":104,"publisher":{"@id":"https:\/\/www.theatrecharbon.fr\/sandbox\/#organization"},"image":{"@id":"https:\/\/www.theatrecharbon.fr\/sandbox\/lancement-des-repetitions-davril-pour-vaincre-a-rome\/#primaryimage"},"thumbnailUrl":"https:\/\/www.theatrecharbon.fr\/sandbox\/wp-content\/uploads\/2021\/04\/scene.jpg","inLanguage":"fr-FR"},{"@type":"WebPage","@id":"https:\/\/www.theatrecharbon.fr\/sandbox\/lancement-des-repetitions-davril-pour-vaincre-a-rome\/","url":"https:\/\/www.theatrecharbon.fr\/sandbox\/lancement-des-repetitions-davril-pour-vaincre-a-rome\/","name":"Lancement des r\u00e9p\u00e9titions d'Avril pour Vaincre \u00e0 Rome - Th\u00e9\u00e2tre Charbon","isPartOf":{"@id":"https:\/\/www.theatrecharbon.fr\/sandbox\/#website"},"primaryImageOfPage":{"@id":"https:\/\/www.theatrecharbon.fr\/sandbox\/lancement-des-repetitions-davril-pour-vaincre-a-rome\/#primaryimage"},"image":{"@id":"https:\/\/www.theatrecharbon.fr\/sandbox\/lancement-des-repetitions-davril-pour-vaincre-a-rome\/#primaryimage"},"thumbnailUrl":"https:\/\/www.theatrecharbon.fr\/sandbox\/wp-content\/uploads\/2021\/04\/scene.jpg","datePublished":"2021-04-09T11:50:04+00:00","dateModified":"2022-10-26T11:19:55+00:00","breadcrumb":{"@id":"https:\/\/www.theatrecharbon.fr\/sandbox\/lancement-des-repetitions-davril-pour-vaincre-a-rome\/#breadcrumb"},"inLanguage":"fr-FR","potentialAction":[{"@type":"ReadAction","target":["https:\/\/www.theatrecharbon.fr\/sandbox\/lancement-des-repetitions-davril-pour-vaincre-a-rome\/"]}]},{"@type":"BreadcrumbList","@id":"https:\/\/www.theatrecharbon.fr\/sandbox\/lancement-des-repetitions-davril-pour-vaincre-a-rome\/#breadcrumb","itemListElement":[{"@type":"ListItem","position":1,"name":"Accueil","item":"https:\/\/www.theatrecharbon.fr\/sandbox\/"},{"@type":"ListItem","position":2,"name":"Lancement des r\u00e9p\u00e9titions d&rsquo;Avril pour Vaincre \u00e0 Rome"}]},{"@type":"WebSite","@id":"https:\/\/www.theatrecharbon.fr\/sandbox\/#website","url":"https:\/\/www.theatrecharbon.fr\/sandbox\/","name":"Th\u00e9\u00e2tre Charbon","description":"Une compagnie engag\u00e9e pour son territoire","publisher":{"@id":"https:\/\/www.theatrecharbon.fr\/sandbox\/#organization"},"potentialAction":[{"@type":"SearchAction","target":{"@type":"EntryPoint","urlTemplate":"https:\/\/www.theatrecharbon.fr\/sandbox\/?s={search_term_string}"},"query-input":"required name=search_term_string"}],"inLanguage":"fr-FR"},{"@type":"Organization","@id":"https:\/\/www.theatrecharbon.fr\/sandbox\/#organization","name":"Th\u00e9\u00e2tre Charbon","url":"https:\/\/www.theatrecharbon.fr\/sandbox\/","logo":{"@type":"ImageObject","inLanguage":"fr-FR","@id":"https:\/\/www.theatrecharbon.fr\/sandbox\/#\/schema\/logo\/image\/","url":"https:\/\/www.theatrecharbon.fr\/sandbox\/wp-content\/uploads\/2021\/03\/cropped-LOGOTYPE_THEATRE_CHARBON-e1620048345361.png","contentUrl":"https:\/\/www.theatrecharbon.fr\/sandbox\/wp-content\/uploads\/2021\/03\/cropped-LOGOTYPE_THEATRE_CHARBON-e1620048345361.png","width":150,"height":104,"caption":"Th\u00e9\u00e2tre Charbon"},"image":{"@id":"https:\/\/www.theatrecharbon.fr\/sandbox\/#\/schema\/logo\/image\/"},"sameAs":["https:\/\/www.facebook.com\/theatrecharbon45","https:\/\/www.youtube.com\/channel\/UCUYPyyMIHpxmMW8g_322pEg"]},{"@type":"Person","@id":"https:\/\/www.theatrecharbon.fr\/sandbox\/#\/schema\/person\/05d01ac0c5bc298d9abcc34b0956685c","name":"pjemba","image":{"@type":"ImageObject","inLanguage":"fr-FR","@id":"https:\/\/www.theatrecharbon.fr\/sandbox\/#\/schema\/person\/image\/","url":"https:\/\/secure.gravatar.com\/avatar\/f94e2d3d6c269754d27807e23c1478deb3dbb64ea6a2eb69baa959a8af2c9b8a?s=96&d=mm&r=g","contentUrl":"https:\/\/secure.gravatar.com\/avatar\/f94e2d3d6c269754d27807e23c1478deb3dbb64ea6a2eb69baa959a8af2c9b8a?s=96&d=mm&r=g","caption":"pjemba"},"sameAs":["https:\/\/www.theatrecharbon.fr\/sandbox"]}]}},"_links":{"self":[{"href":"https:\/\/www.theatrecharbon.fr\/sandbox\/wp-json\/wp\/v2\/posts\/2113","targetHints":{"allow":["GET"]}}],"collection":[{"href":"https:\/\/www.theatrecharbon.fr\/sandbox\/wp-json\/wp\/v2\/posts"}],"about":[{"href":"https:\/\/www.theatrecharbon.fr\/sandbox\/wp-json\/wp\/v2\/types\/post"}],"author":[{"embeddable":true,"href":"https:\/\/www.theatrecharbon.fr\/sandbox\/wp-json\/wp\/v2\/users\/1"}],"replies":[{"embeddable":true,"href":"https:\/\/www.theatrecharbon.fr\/sandbox\/wp-json\/wp\/v2\/comments?post=2113"}],"version-history":[{"count":10,"href":"https:\/\/www.theatrecharbon.fr\/sandbox\/wp-json\/wp\/v2\/posts\/2113\/revisions"}],"predecessor-version":[{"id":2529,"href":"https:\/\/www.theatrecharbon.fr\/sandbox\/wp-json\/wp\/v2\/posts\/2113\/revisions\/2529"}],"wp:featuredmedia":[{"embeddable":true,"href":"https:\/\/www.theatrecharbon.fr\/sandbox\/wp-json\/wp\/v2\/media\/2115"}],"wp:attachment":[{"href":"https:\/\/www.theatrecharbon.fr\/sandbox\/wp-json\/wp\/v2\/media?parent=2113"}],"wp:term":[{"taxonomy":"category","embeddable":true,"href":"https:\/\/www.theatrecharbon.fr\/sandbox\/wp-json\/wp\/v2\/categories?post=2113"},{"taxonomy":"post_tag","embeddable":true,"href":"https:\/\/www.theatrecharbon.fr\/sandbox\/wp-json\/wp\/v2\/tags?post=2113"}],"curies":[{"name":"wp","href":"https:\/\/api.w.org\/{rel}","templated":true}]}}