{"id":1594,"date":"2021-04-01T15:04:19","date_gmt":"2021-04-01T13:04:19","guid":{"rendered":"https:\/\/www.theatrecharbon.fr\/sandbox\/?p=1594"},"modified":"2022-10-26T13:20:23","modified_gmt":"2022-10-26T11:20:23","slug":"elementor-1594","status":"publish","type":"post","link":"https:\/\/www.theatrecharbon.fr\/sandbox\/elementor-1594\/","title":{"rendered":"Le quartier de la Source en lumi\u00e8re sur TV5 Monde"},"content":{"rendered":"\t\t<div data-elementor-type=\"wp-post\" data-elementor-id=\"1594\" class=\"elementor elementor-1594\">\n\t\t\t\t\t\t<section class=\"elementor-section elementor-top-section elementor-element elementor-element-60cc5f9c elementor-section-boxed elementor-section-height-default elementor-section-height-default\" data-id=\"60cc5f9c\" data-element_type=\"section\" data-e-type=\"section\" data-settings=\"{&quot;background_background&quot;:&quot;classic&quot;,&quot;shape_divider_bottom&quot;:&quot;curve&quot;}\">\n\t\t\t\t\t\t\t<div class=\"elementor-background-overlay\"><\/div>\n\t\t\t\t\t\t<div class=\"elementor-shape elementor-shape-bottom\" aria-hidden=\"true\" data-negative=\"false\">\n\t\t\t<svg xmlns=\"http:\/\/www.w3.org\/2000\/svg\" viewBox=\"0 0 1000 100\" preserveAspectRatio=\"none\">\n    <path class=\"elementor-shape-fill\" d=\"M1000,4.3V0H0v4.3C0.9,23.1,126.7,99.2,500,100S1000,22.7,1000,4.3z\"\/>\n<\/svg>\t\t<\/div>\n\t\t\t\t\t<div class=\"elementor-container elementor-column-gap-default\">\n\t\t\t\t\t<div class=\"elementor-column elementor-col-100 elementor-top-column elementor-element elementor-element-e6a061\" data-id=\"e6a061\" data-element_type=\"column\" data-e-type=\"column\">\n\t\t\t<div class=\"elementor-widget-wrap elementor-element-populated\">\n\t\t\t\t\t\t<div class=\"elementor-element elementor-element-49e0443a elementor-widget-divider--view-line elementor-widget elementor-widget-divider\" data-id=\"49e0443a\" data-element_type=\"widget\" data-e-type=\"widget\" data-widget_type=\"divider.default\">\n\t\t\t\t<div class=\"elementor-widget-container\">\n\t\t\t\t\t\t\t<div class=\"elementor-divider\">\n\t\t\t<span class=\"elementor-divider-separator\">\n\t\t\t\t\t\t<\/span>\n\t\t<\/div>\n\t\t\t\t\t\t<\/div>\n\t\t\t\t<\/div>\n\t\t\t\t<div class=\"elementor-element elementor-element-04d5549 elementor-widget elementor-widget-text-editor\" data-id=\"04d5549\" data-element_type=\"widget\" data-e-type=\"widget\" data-widget_type=\"text-editor.default\">\n\t\t\t\t<div class=\"elementor-widget-container\">\n\t\t\t\t\t\t\t\t\t<p>25\/03\/2018<\/p>\t\t\t\t\t\t\t\t<\/div>\n\t\t\t\t<\/div>\n\t\t\t\t<div class=\"elementor-element elementor-element-3efe7333 elementor-widget elementor-widget-video\" data-id=\"3efe7333\" data-element_type=\"widget\" data-e-type=\"widget\" data-settings=\"{&quot;youtube_url&quot;:&quot;https:\\\/\\\/www.youtube.com\\\/watch?v=pWhTwBrrZeY&amp;feature=emb_title&quot;,&quot;video_type&quot;:&quot;youtube&quot;,&quot;controls&quot;:&quot;yes&quot;}\" data-widget_type=\"video.default\">\n\t\t\t\t<div class=\"elementor-widget-container\">\n\t\t\t\t\t\t\t<div class=\"elementor-wrapper elementor-open-inline\">\n\t\t\t<div class=\"elementor-video\"><\/div>\t\t<\/div>\n\t\t\t\t\t\t<\/div>\n\t\t\t\t<\/div>\n\t\t\t\t<div class=\"elementor-element elementor-element-53641287 elementor-widget elementor-widget-spacer\" data-id=\"53641287\" data-element_type=\"widget\" data-e-type=\"widget\" data-widget_type=\"spacer.default\">\n\t\t\t\t<div class=\"elementor-widget-container\">\n\t\t\t\t\t\t\t<div class=\"elementor-spacer\">\n\t\t\t<div class=\"elementor-spacer-inner\"><\/div>\n\t\t<\/div>\n\t\t\t\t\t\t<\/div>\n\t\t\t\t<\/div>\n\t\t\t\t<div class=\"elementor-element elementor-element-3afdb458 elementor-widget elementor-widget-text-editor\" data-id=\"3afdb458\" data-element_type=\"widget\" data-e-type=\"widget\" data-widget_type=\"text-editor.default\">\n\t\t\t\t<div class=\"elementor-widget-container\">\n\t\t\t\t\t\t\t\t\t<p>Dans son \u00e9dition du 24 mars, l\u2019\u00e9mission Destination Francophonie a pos\u00e9 ses cam\u00e9ras dans le quartier d\u2019Orl\u00e9ans-La Source pour zoomer sur le projet original qui a r\u00e9uni des associations (ACM Formation, Radio Campus et Th\u00e9\u00e2tre Charbon) pour accompagner des migrants dans leur apprentissage du fran\u00e7ais.<\/p><p>Destination Francophonie \u2013 TV5 Monde<\/p><p><small>\u00ab\u00a0Dans le quartier de la Source, un centre de formation, un th\u00e9\u00e2tre et une radio universitaire ont d\u00e9cid\u00e9 de s\u2019associer autour d\u2019un extraordinaire projet pour mettre dans la lumi\u00e8re le public migrant qui apprend le fran\u00e7ais.\u00a0\u00bb<\/small><\/p>\t\t\t\t\t\t\t\t<\/div>\n\t\t\t\t<\/div>\n\t\t\t\t<div class=\"elementor-element elementor-element-22fd6689 elementor-widget elementor-widget-spacer\" data-id=\"22fd6689\" data-element_type=\"widget\" data-e-type=\"widget\" data-widget_type=\"spacer.default\">\n\t\t\t\t<div class=\"elementor-widget-container\">\n\t\t\t\t\t\t\t<div class=\"elementor-spacer\">\n\t\t\t<div class=\"elementor-spacer-inner\"><\/div>\n\t\t<\/div>\n\t\t\t\t\t\t<\/div>\n\t\t\t\t<\/div>\n\t\t\t\t\t<\/div>\n\t\t<\/div>\n\t\t\t\t\t<\/div>\n\t\t<\/section>\n\t\t\t\t<\/div>\n\t\t","protected":false},"excerpt":{"rendered":"<p>25\/03\/2018 https:\/\/www.youtube.com\/watch?v=pWhTwBrrZeY&#038;feature=emb_title Dans son \u00e9dition du 24 mars, l\u2019\u00e9mission Destination Francophonie a pos\u00e9 ses cam\u00e9ras dans le quartier d\u2019Orl\u00e9ans-La Source pour zoomer sur le projet original qui a r\u00e9uni des associations (ACM Formation, Radio Campus et Th\u00e9\u00e2tre Charbon) pour accompagner des migrants dans leur apprentissage du fran\u00e7ais. Destination Francophonie \u2013 TV5 Monde \u00ab\u00a0Dans le quartier&#8230;<\/p>\n","protected":false},"author":1,"featured_media":1714,"comment_status":"closed","ping_status":"open","sticky":false,"template":"","format":"standard","meta":{"_kad_post_transparent":"","_kad_post_title":"hide","_kad_post_layout":"normal","_kad_post_sidebar_id":"","_kad_post_content_style":"","_kad_post_vertical_padding":"","_kad_post_feature":"","_kad_post_feature_position":"","_kad_post_header":true,"_kad_post_footer":false,"_kad_post_classname":"","cybocfi_hide_featured_image":"yes","footnotes":""},"categories":[1],"tags":[],"class_list":["post-1594","post","type-post","status-publish","format-standard","has-post-thumbnail","hentry","category-non-classe"],"yoast_head":"<!-- This site is optimized with the Yoast SEO plugin v27.5 - https:\/\/yoast.com\/product\/yoast-seo-wordpress\/ -->\n<title>Le quartier de la Source en lumi\u00e8re sur TV5 Monde - Th\u00e9\u00e2tre Charbon<\/title>\n<meta name=\"robots\" content=\"index, follow, max-snippet:-1, max-image-preview:large, max-video-preview:-1\" \/>\n<link rel=\"canonical\" href=\"https:\/\/www.theatrecharbon.fr\/sandbox\/elementor-1594\/\" \/>\n<meta property=\"og:locale\" content=\"fr_FR\" \/>\n<meta property=\"og:type\" content=\"article\" \/>\n<meta property=\"og:title\" content=\"Le quartier de la Source en lumi\u00e8re sur TV5 Monde - Th\u00e9\u00e2tre Charbon\" \/>\n<meta property=\"og:description\" content=\"25\/03\/2018 https:\/\/www.youtube.com\/watch?v=pWhTwBrrZeY&#038;feature=emb_title Dans son \u00e9dition du 24 mars, l\u2019\u00e9mission Destination Francophonie a pos\u00e9 ses cam\u00e9ras dans le quartier d\u2019Orl\u00e9ans-La Source pour zoomer sur le projet original qui a r\u00e9uni des associations (ACM Formation, Radio Campus et Th\u00e9\u00e2tre Charbon) pour accompagner des migrants dans leur apprentissage du fran\u00e7ais. Destination Francophonie \u2013 TV5 Monde \u00ab\u00a0Dans le quartier...\" \/>\n<meta property=\"og:url\" content=\"https:\/\/www.theatrecharbon.fr\/sandbox\/elementor-1594\/\" \/>\n<meta property=\"og:site_name\" content=\"Th\u00e9\u00e2tre Charbon\" \/>\n<meta property=\"article:publisher\" content=\"https:\/\/www.facebook.com\/theatrecharbon45\" \/>\n<meta property=\"article:published_time\" content=\"2021-04-01T13:04:19+00:00\" \/>\n<meta property=\"article:modified_time\" content=\"2022-10-26T11:20:23+00:00\" \/>\n<meta property=\"og:image\" content=\"https:\/\/www.theatrecharbon.fr\/sandbox\/wp-content\/uploads\/2021\/04\/thierry-1.jpg\" \/>\n\t<meta property=\"og:image:width\" content=\"1003\" \/>\n\t<meta property=\"og:image:height\" content=\"563\" \/>\n\t<meta property=\"og:image:type\" content=\"image\/jpeg\" \/>\n<meta name=\"author\" content=\"pjemba\" \/>\n<meta name=\"twitter:card\" content=\"summary_large_image\" \/>\n<meta name=\"twitter:label1\" content=\"\u00c9crit par\" \/>\n\t<meta name=\"twitter:data1\" content=\"pjemba\" \/>\n\t<meta name=\"twitter:label2\" content=\"Dur\u00e9e de lecture estim\u00e9e\" \/>\n\t<meta name=\"twitter:data2\" content=\"1 minute\" \/>\n<script type=\"application\/ld+json\" class=\"yoast-schema-graph\">{\"@context\":\"https:\\\/\\\/schema.org\",\"@graph\":[{\"@type\":\"Article\",\"@id\":\"https:\\\/\\\/www.theatrecharbon.fr\\\/sandbox\\\/elementor-1594\\\/#article\",\"isPartOf\":{\"@id\":\"https:\\\/\\\/www.theatrecharbon.fr\\\/sandbox\\\/elementor-1594\\\/\"},\"author\":{\"name\":\"pjemba\",\"@id\":\"https:\\\/\\\/www.theatrecharbon.fr\\\/sandbox\\\/#\\\/schema\\\/person\\\/05d01ac0c5bc298d9abcc34b0956685c\"},\"headline\":\"Le quartier de la Source en lumi\u00e8re sur TV5 Monde\",\"datePublished\":\"2021-04-01T13:04:19+00:00\",\"dateModified\":\"2022-10-26T11:20:23+00:00\",\"mainEntityOfPage\":{\"@id\":\"https:\\\/\\\/www.theatrecharbon.fr\\\/sandbox\\\/elementor-1594\\\/\"},\"wordCount\":118,\"publisher\":{\"@id\":\"https:\\\/\\\/www.theatrecharbon.fr\\\/sandbox\\\/#organization\"},\"image\":{\"@id\":\"https:\\\/\\\/www.theatrecharbon.fr\\\/sandbox\\\/elementor-1594\\\/#primaryimage\"},\"thumbnailUrl\":\"https:\\\/\\\/www.theatrecharbon.fr\\\/sandbox\\\/wp-content\\\/uploads\\\/2021\\\/04\\\/thierry-1.jpg\",\"inLanguage\":\"fr-FR\"},{\"@type\":\"WebPage\",\"@id\":\"https:\\\/\\\/www.theatrecharbon.fr\\\/sandbox\\\/elementor-1594\\\/\",\"url\":\"https:\\\/\\\/www.theatrecharbon.fr\\\/sandbox\\\/elementor-1594\\\/\",\"name\":\"Le quartier de la Source en lumi\u00e8re sur TV5 Monde - Th\u00e9\u00e2tre Charbon\",\"isPartOf\":{\"@id\":\"https:\\\/\\\/www.theatrecharbon.fr\\\/sandbox\\\/#website\"},\"primaryImageOfPage\":{\"@id\":\"https:\\\/\\\/www.theatrecharbon.fr\\\/sandbox\\\/elementor-1594\\\/#primaryimage\"},\"image\":{\"@id\":\"https:\\\/\\\/www.theatrecharbon.fr\\\/sandbox\\\/elementor-1594\\\/#primaryimage\"},\"thumbnailUrl\":\"https:\\\/\\\/www.theatrecharbon.fr\\\/sandbox\\\/wp-content\\\/uploads\\\/2021\\\/04\\\/thierry-1.jpg\",\"datePublished\":\"2021-04-01T13:04:19+00:00\",\"dateModified\":\"2022-10-26T11:20:23+00:00\",\"breadcrumb\":{\"@id\":\"https:\\\/\\\/www.theatrecharbon.fr\\\/sandbox\\\/elementor-1594\\\/#breadcrumb\"},\"inLanguage\":\"fr-FR\",\"potentialAction\":[{\"@type\":\"ReadAction\",\"target\":[\"https:\\\/\\\/www.theatrecharbon.fr\\\/sandbox\\\/elementor-1594\\\/\"]}]},{\"@type\":\"BreadcrumbList\",\"@id\":\"https:\\\/\\\/www.theatrecharbon.fr\\\/sandbox\\\/elementor-1594\\\/#breadcrumb\",\"itemListElement\":[{\"@type\":\"ListItem\",\"position\":1,\"name\":\"Accueil\",\"item\":\"https:\\\/\\\/www.theatrecharbon.fr\\\/sandbox\\\/\"},{\"@type\":\"ListItem\",\"position\":2,\"name\":\"Le quartier de la Source en lumi\u00e8re sur TV5 Monde\"}]},{\"@type\":\"WebSite\",\"@id\":\"https:\\\/\\\/www.theatrecharbon.fr\\\/sandbox\\\/#website\",\"url\":\"https:\\\/\\\/www.theatrecharbon.fr\\\/sandbox\\\/\",\"name\":\"Th\u00e9\u00e2tre Charbon\",\"description\":\"Une compagnie engag\u00e9e pour son territoire\",\"publisher\":{\"@id\":\"https:\\\/\\\/www.theatrecharbon.fr\\\/sandbox\\\/#organization\"},\"potentialAction\":[{\"@type\":\"SearchAction\",\"target\":{\"@type\":\"EntryPoint\",\"urlTemplate\":\"https:\\\/\\\/www.theatrecharbon.fr\\\/sandbox\\\/?s={search_term_string}\"},\"query-input\":{\"@type\":\"PropertyValueSpecification\",\"valueRequired\":true,\"valueName\":\"search_term_string\"}}],\"inLanguage\":\"fr-FR\"},{\"@type\":\"Organization\",\"@id\":\"https:\\\/\\\/www.theatrecharbon.fr\\\/sandbox\\\/#organization\",\"name\":\"Th\u00e9\u00e2tre Charbon\",\"url\":\"https:\\\/\\\/www.theatrecharbon.fr\\\/sandbox\\\/\",\"logo\":{\"@type\":\"ImageObject\",\"inLanguage\":\"fr-FR\",\"@id\":\"https:\\\/\\\/www.theatrecharbon.fr\\\/sandbox\\\/#\\\/schema\\\/logo\\\/image\\\/\",\"url\":\"https:\\\/\\\/www.theatrecharbon.fr\\\/sandbox\\\/wp-content\\\/uploads\\\/2021\\\/03\\\/cropped-LOGOTYPE_THEATRE_CHARBON-e1620048345361.png\",\"contentUrl\":\"https:\\\/\\\/www.theatrecharbon.fr\\\/sandbox\\\/wp-content\\\/uploads\\\/2021\\\/03\\\/cropped-LOGOTYPE_THEATRE_CHARBON-e1620048345361.png\",\"width\":150,\"height\":104,\"caption\":\"Th\u00e9\u00e2tre Charbon\"},\"image\":{\"@id\":\"https:\\\/\\\/www.theatrecharbon.fr\\\/sandbox\\\/#\\\/schema\\\/logo\\\/image\\\/\"},\"sameAs\":[\"https:\\\/\\\/www.facebook.com\\\/theatrecharbon45\",\"https:\\\/\\\/www.youtube.com\\\/channel\\\/UCUYPyyMIHpxmMW8g_322pEg\"]},{\"@type\":\"Person\",\"@id\":\"https:\\\/\\\/www.theatrecharbon.fr\\\/sandbox\\\/#\\\/schema\\\/person\\\/05d01ac0c5bc298d9abcc34b0956685c\",\"name\":\"pjemba\",\"image\":{\"@type\":\"ImageObject\",\"inLanguage\":\"fr-FR\",\"@id\":\"https:\\\/\\\/secure.gravatar.com\\\/avatar\\\/f94e2d3d6c269754d27807e23c1478deb3dbb64ea6a2eb69baa959a8af2c9b8a?s=96&d=mm&r=g\",\"url\":\"https:\\\/\\\/secure.gravatar.com\\\/avatar\\\/f94e2d3d6c269754d27807e23c1478deb3dbb64ea6a2eb69baa959a8af2c9b8a?s=96&d=mm&r=g\",\"contentUrl\":\"https:\\\/\\\/secure.gravatar.com\\\/avatar\\\/f94e2d3d6c269754d27807e23c1478deb3dbb64ea6a2eb69baa959a8af2c9b8a?s=96&d=mm&r=g\",\"caption\":\"pjemba\"},\"sameAs\":[\"https:\\\/\\\/www.theatrecharbon.fr\\\/sandbox\"]}]}<\/script>\n<!-- \/ Yoast SEO plugin. -->","yoast_head_json":{"title":"Le quartier de la Source en lumi\u00e8re sur TV5 Monde - Th\u00e9\u00e2tre Charbon","robots":{"index":"index","follow":"follow","max-snippet":"max-snippet:-1","max-image-preview":"max-image-preview:large","max-video-preview":"max-video-preview:-1"},"canonical":"https:\/\/www.theatrecharbon.fr\/sandbox\/elementor-1594\/","og_locale":"fr_FR","og_type":"article","og_title":"Le quartier de la Source en lumi\u00e8re sur TV5 Monde - Th\u00e9\u00e2tre Charbon","og_description":"25\/03\/2018 https:\/\/www.youtube.com\/watch?v=pWhTwBrrZeY&#038;feature=emb_title Dans son \u00e9dition du 24 mars, l\u2019\u00e9mission Destination Francophonie a pos\u00e9 ses cam\u00e9ras dans le quartier d\u2019Orl\u00e9ans-La Source pour zoomer sur le projet original qui a r\u00e9uni des associations (ACM Formation, Radio Campus et Th\u00e9\u00e2tre Charbon) pour accompagner des migrants dans leur apprentissage du fran\u00e7ais. Destination Francophonie \u2013 TV5 Monde \u00ab\u00a0Dans le quartier...","og_url":"https:\/\/www.theatrecharbon.fr\/sandbox\/elementor-1594\/","og_site_name":"Th\u00e9\u00e2tre Charbon","article_publisher":"https:\/\/www.facebook.com\/theatrecharbon45","article_published_time":"2021-04-01T13:04:19+00:00","article_modified_time":"2022-10-26T11:20:23+00:00","og_image":[{"url":"https:\/\/www.theatrecharbon.fr\/sandbox\/wp-content\/uploads\/2021\/04\/thierry-1.jpg","width":1003,"height":563,"type":"image\/jpeg"}],"author":"pjemba","twitter_card":"summary_large_image","twitter_misc":{"\u00c9crit par":"pjemba","Dur\u00e9e de lecture estim\u00e9e":"1 minute"},"schema":{"@context":"https:\/\/schema.org","@graph":[{"@type":"Article","@id":"https:\/\/www.theatrecharbon.fr\/sandbox\/elementor-1594\/#article","isPartOf":{"@id":"https:\/\/www.theatrecharbon.fr\/sandbox\/elementor-1594\/"},"author":{"name":"pjemba","@id":"https:\/\/www.theatrecharbon.fr\/sandbox\/#\/schema\/person\/05d01ac0c5bc298d9abcc34b0956685c"},"headline":"Le quartier de la Source en lumi\u00e8re sur TV5 Monde","datePublished":"2021-04-01T13:04:19+00:00","dateModified":"2022-10-26T11:20:23+00:00","mainEntityOfPage":{"@id":"https:\/\/www.theatrecharbon.fr\/sandbox\/elementor-1594\/"},"wordCount":118,"publisher":{"@id":"https:\/\/www.theatrecharbon.fr\/sandbox\/#organization"},"image":{"@id":"https:\/\/www.theatrecharbon.fr\/sandbox\/elementor-1594\/#primaryimage"},"thumbnailUrl":"https:\/\/www.theatrecharbon.fr\/sandbox\/wp-content\/uploads\/2021\/04\/thierry-1.jpg","inLanguage":"fr-FR"},{"@type":"WebPage","@id":"https:\/\/www.theatrecharbon.fr\/sandbox\/elementor-1594\/","url":"https:\/\/www.theatrecharbon.fr\/sandbox\/elementor-1594\/","name":"Le quartier de la Source en lumi\u00e8re sur TV5 Monde - Th\u00e9\u00e2tre Charbon","isPartOf":{"@id":"https:\/\/www.theatrecharbon.fr\/sandbox\/#website"},"primaryImageOfPage":{"@id":"https:\/\/www.theatrecharbon.fr\/sandbox\/elementor-1594\/#primaryimage"},"image":{"@id":"https:\/\/www.theatrecharbon.fr\/sandbox\/elementor-1594\/#primaryimage"},"thumbnailUrl":"https:\/\/www.theatrecharbon.fr\/sandbox\/wp-content\/uploads\/2021\/04\/thierry-1.jpg","datePublished":"2021-04-01T13:04:19+00:00","dateModified":"2022-10-26T11:20:23+00:00","breadcrumb":{"@id":"https:\/\/www.theatrecharbon.fr\/sandbox\/elementor-1594\/#breadcrumb"},"inLanguage":"fr-FR","potentialAction":[{"@type":"ReadAction","target":["https:\/\/www.theatrecharbon.fr\/sandbox\/elementor-1594\/"]}]},{"@type":"BreadcrumbList","@id":"https:\/\/www.theatrecharbon.fr\/sandbox\/elementor-1594\/#breadcrumb","itemListElement":[{"@type":"ListItem","position":1,"name":"Accueil","item":"https:\/\/www.theatrecharbon.fr\/sandbox\/"},{"@type":"ListItem","position":2,"name":"Le quartier de la Source en lumi\u00e8re sur TV5 Monde"}]},{"@type":"WebSite","@id":"https:\/\/www.theatrecharbon.fr\/sandbox\/#website","url":"https:\/\/www.theatrecharbon.fr\/sandbox\/","name":"Th\u00e9\u00e2tre Charbon","description":"Une compagnie engag\u00e9e pour son territoire","publisher":{"@id":"https:\/\/www.theatrecharbon.fr\/sandbox\/#organization"},"potentialAction":[{"@type":"SearchAction","target":{"@type":"EntryPoint","urlTemplate":"https:\/\/www.theatrecharbon.fr\/sandbox\/?s={search_term_string}"},"query-input":{"@type":"PropertyValueSpecification","valueRequired":true,"valueName":"search_term_string"}}],"inLanguage":"fr-FR"},{"@type":"Organization","@id":"https:\/\/www.theatrecharbon.fr\/sandbox\/#organization","name":"Th\u00e9\u00e2tre Charbon","url":"https:\/\/www.theatrecharbon.fr\/sandbox\/","logo":{"@type":"ImageObject","inLanguage":"fr-FR","@id":"https:\/\/www.theatrecharbon.fr\/sandbox\/#\/schema\/logo\/image\/","url":"https:\/\/www.theatrecharbon.fr\/sandbox\/wp-content\/uploads\/2021\/03\/cropped-LOGOTYPE_THEATRE_CHARBON-e1620048345361.png","contentUrl":"https:\/\/www.theatrecharbon.fr\/sandbox\/wp-content\/uploads\/2021\/03\/cropped-LOGOTYPE_THEATRE_CHARBON-e1620048345361.png","width":150,"height":104,"caption":"Th\u00e9\u00e2tre Charbon"},"image":{"@id":"https:\/\/www.theatrecharbon.fr\/sandbox\/#\/schema\/logo\/image\/"},"sameAs":["https:\/\/www.facebook.com\/theatrecharbon45","https:\/\/www.youtube.com\/channel\/UCUYPyyMIHpxmMW8g_322pEg"]},{"@type":"Person","@id":"https:\/\/www.theatrecharbon.fr\/sandbox\/#\/schema\/person\/05d01ac0c5bc298d9abcc34b0956685c","name":"pjemba","image":{"@type":"ImageObject","inLanguage":"fr-FR","@id":"https:\/\/secure.gravatar.com\/avatar\/f94e2d3d6c269754d27807e23c1478deb3dbb64ea6a2eb69baa959a8af2c9b8a?s=96&d=mm&r=g","url":"https:\/\/secure.gravatar.com\/avatar\/f94e2d3d6c269754d27807e23c1478deb3dbb64ea6a2eb69baa959a8af2c9b8a?s=96&d=mm&r=g","contentUrl":"https:\/\/secure.gravatar.com\/avatar\/f94e2d3d6c269754d27807e23c1478deb3dbb64ea6a2eb69baa959a8af2c9b8a?s=96&d=mm&r=g","caption":"pjemba"},"sameAs":["https:\/\/www.theatrecharbon.fr\/sandbox"]}]}},"_links":{"self":[{"href":"https:\/\/www.theatrecharbon.fr\/sandbox\/wp-json\/wp\/v2\/posts\/1594","targetHints":{"allow":["GET"]}}],"collection":[{"href":"https:\/\/www.theatrecharbon.fr\/sandbox\/wp-json\/wp\/v2\/posts"}],"about":[{"href":"https:\/\/www.theatrecharbon.fr\/sandbox\/wp-json\/wp\/v2\/types\/post"}],"author":[{"embeddable":true,"href":"https:\/\/www.theatrecharbon.fr\/sandbox\/wp-json\/wp\/v2\/users\/1"}],"replies":[{"embeddable":true,"href":"https:\/\/www.theatrecharbon.fr\/sandbox\/wp-json\/wp\/v2\/comments?post=1594"}],"version-history":[{"count":31,"href":"https:\/\/www.theatrecharbon.fr\/sandbox\/wp-json\/wp\/v2\/posts\/1594\/revisions"}],"predecessor-version":[{"id":2538,"href":"https:\/\/www.theatrecharbon.fr\/sandbox\/wp-json\/wp\/v2\/posts\/1594\/revisions\/2538"}],"wp:featuredmedia":[{"embeddable":true,"href":"https:\/\/www.theatrecharbon.fr\/sandbox\/wp-json\/wp\/v2\/media\/1714"}],"wp:attachment":[{"href":"https:\/\/www.theatrecharbon.fr\/sandbox\/wp-json\/wp\/v2\/media?parent=1594"}],"wp:term":[{"taxonomy":"category","embeddable":true,"href":"https:\/\/www.theatrecharbon.fr\/sandbox\/wp-json\/wp\/v2\/categories?post=1594"},{"taxonomy":"post_tag","embeddable":true,"href":"https:\/\/www.theatrecharbon.fr\/sandbox\/wp-json\/wp\/v2\/tags?post=1594"}],"curies":[{"name":"wp","href":"https:\/\/api.w.org\/{rel}","templated":true}]}}